{"id":163,"date":"2019-01-06T22:58:46","date_gmt":"2019-01-06T21:58:46","guid":{"rendered":"http:\/\/www.jeromebaldeck.com\/?p=163"},"modified":"2019-01-06T22:58:46","modified_gmt":"2019-01-06T21:58:46","slug":"le-8-fevrier-au-lion-des-flandres-21h-belfort-beyond-trio-avec-eric-soumguit-alain-quaictbasse-jerome-baldeckbat","status":"publish","type":"post","link":"https:\/\/www.jeromebaldeck.com\/index.php\/2019\/01\/06\/le-8-fevrier-au-lion-des-flandres-21h-belfort-beyond-trio-avec-eric-soumguit-alain-quaictbasse-jerome-baldeckbat\/","title":{"rendered":"le 8 f\u00e9vrier au Lion des Flandres 21h. Belfort Beyond trio avec Eric Soum(guit.) Alain Quai(ctbasse) J\u00e9r\u00f4me Baldeck(bat.)"},"content":{"rendered":"","protected":false},"excerpt":{"rendered":"","protected":false},"author":1,"featured_media":0,"comment_status":"closed","ping_status":"open","sticky":false,"template":"","format":"standard","meta":{"footnotes":""},"categories":[1],"tags":[],"_links":{"self":[{"href":"https:\/\/www.jeromebaldeck.com\/index.php\/wp-json\/wp\/v2\/posts\/163"}],"collection":[{"href":"https:\/\/www.jeromebaldeck.com\/index.php\/wp-json\/wp\/v2\/posts"}],"about":[{"href":"https:\/\/www.jeromebaldeck.com\/index.php\/wp-json\/wp\/v2\/types\/post"}],"author":[{"embeddable":true,"href":"https:\/\/www.jeromebaldeck.com\/index.php\/wp-json\/wp\/v2\/users\/1"}],"replies":[{"embeddable":true,"href":"https:\/\/www.jeromebaldeck.com\/index.php\/wp-json\/wp\/v2\/comments?post=163"}],"version-history":[{"count":1,"href":"https:\/\/www.jeromebaldeck.com\/index.php\/wp-json\/wp\/v2\/posts\/163\/revisions"}],"predecessor-version":[{"id":164,"href":"https:\/\/www.jeromebaldeck.com\/index.php\/wp-json\/wp\/v2\/posts\/163\/revisions\/164"}],"wp:attachment":[{"href":"https:\/\/www.jeromebaldeck.com\/index.php\/wp-json\/wp\/v2\/media?parent=163"}],"wp:term":[{"taxonomy":"category","embeddable":true,"href":"https:\/\/www.jeromebaldeck.com\/index.php\/wp-json\/wp\/v2\/categories?post=163"},{"taxonomy":"post_tag","embeddable":true,"href":"https:\/\/www.jeromebaldeck.com\/index.php\/wp-json\/wp\/v2\/tags?post=163"}],"curies":[{"name":"wp","href":"https:\/\/api.w.org\/{rel}","templated":true}]}}